{"id":4639,"date":"2024-05-27T12:00:00","date_gmt":"2024-05-27T16:00:00","guid":{"rendered":"https:\/\/breezyseguros.com\/es\/memorial-day\/"},"modified":"2025-02-10T13:03:37","modified_gmt":"2025-02-10T18:03:37","slug":"memorial-day","status":"publish","type":"post","link":"https:\/\/breezyseguros.com\/es\/memorial-day\/","title":{"rendered":"\u00bfConoces el significado del Memorial Day?"},"content":{"rendered":"\n<p>El <em>Memorial Day<\/em>, o D\u00eda de los Ca\u00eddos, es un d\u00eda festivo en EE. UU., que siempre se celebra el \u00faltimo lunes de mayo, para rendir homenaje a los hombres y mujeres que murieron mientras serv\u00edan en las fuerzas armadas estadounidenses. El <em>Memorial Day<\/em> 2024 se celebrar\u00e1 el lunes 27 de mayo.<\/p>\n\n\n\n<p>Originalmente, el <em>Memorial Day <\/em>rend\u00eda homenaje \u00fanicamente a quienes murieron durante los combates de la Guerra de Secesi\u00f3n o Guerra estadounidense. Pero durante la Primera Guerra Mundial, EE. UU. se involucr\u00f3 en otro gran conflicto, y el d\u00eda festivo evolucion\u00f3 para rendir homenaje a los militares estadounidenses que murieron en todas las guerras, incluidas la Segunda Guerra Mundial, la Guerra de Vietnam, la Guerra de Corea y las guerras en Irak y en Afganist\u00e1n.<\/p>\n\n\n\n<h2 class=\"wp-block-heading\">Los Or\u00edgenes del D\u00eda del<em> Memorial Day<\/em><\/h2>\n\n\n\n<p>La Guerra Civil estadounidense (Guerra de Secesi\u00f3n) caus\u00f3 la muerte de m\u00e1s de 620.000 estadounidenses, muchos de los cuales fueron enterrados en tumbas sin nombre y mal conservadas. En los a\u00f1os siguientes al final de la guerra, la poblaci\u00f3n empez\u00f3 a rendir homenaje y decorar las tumbas de los soldados muertos.<\/p>\n\n\n\n<p>Una de las primeras veces que se document\u00f3 esta pr\u00e1ctica fue en 1866 en Waterloo, Nueva York, cuando los residentes locales organizaron una ceremonia para rendir homenaje a los soldados muertos en la&nbsp; Guerra de Secesi\u00f3n. Este acontecimiento suele citarse como la primera celebraci\u00f3n del D\u00eda de los Ca\u00eddos <em>(Memorial Day).<\/em><\/p>\n\n\n\n<p>La idea fue bien recibida y, con el tiempo, otras comunidades empezaron a realizar actos similares para rendir homenaje a sus soldados ca\u00eddos. A finales del siglo XIX, el<em> Memorial Day <\/em>se hab\u00eda convertido en un d\u00eda festivo. Originalmente conocido como <em>Decoration Day<\/em>, sol\u00eda celebrarse el 30 de mayo. Sin embargo, en 1971, el Congreso cambi\u00f3 oficialmente la fecha al \u00faltimo lunes de mayo.<\/p>\n\n\n\n<h2 class=\"wp-block-heading\"><strong>Lunes Festivos<\/strong><\/h2>\n\n\n\n<p>El <em>Uniform Monday Holiday Act<\/em> de 1968 modific\u00f3 varios d\u00edas festivos para que cayeran siempre en lunes, de modo que los empleados federales pudieran tener m\u00e1s fines de semana de tres d\u00edas.&nbsp;<\/p>\n\n\n\n<p>La ley, sancionada el 28 de junio de 1968, cambi\u00f3 los siguientes d\u00edas festivos para que cayeran siempre los lunes:<\/p>\n\n\n\n<ul class=\"wp-block-list\">\n<li><a href=\"https:\/\/dev.brzseguros.com\/es\/martin-luther-king-day\/\" target=\"_blank\" rel=\"noreferrer noopener\">D\u00eda de Martin Luther King Jr<\/a><\/li>\n\n\n\n<li><a href=\"https:\/\/dev.brzseguros.com\/es\/presidents-day\/\" target=\"_blank\" rel=\"noreferrer noopener\">D\u00eda de los Presidentes <em>(Presidents Day)<\/em><\/a><\/li>\n\n\n\n<li><a href=\"https:\/\/dev.brzseguros.com\/es\/labor-day-dia-del-trabajo\/\" target=\"_blank\" rel=\"noreferrer noopener\">D\u00eda del Trabajo <em>(Labor Day)<\/em><\/a><\/li>\n\n\n\n<li>D\u00eda de Col\u00f3n <em>(Columbo\u2019s day)<\/em><\/li>\n<\/ul>\n\n\n\n<h2 class=\"wp-block-heading\">\u00bfC\u00f3mo se celebra e<em>l Memorial Day<\/em>?<\/h2>\n\n\n\n<p>El <strong><em>Memorial Day<\/em><\/strong> se celebra en EE. UU. con desfiles, servicios memoriales y visitas a cementerios para homenajear a los soldados ca\u00eddos. Sirve para recordar los sacrificios hechos por quienes sirvieron en las fuerzas armadas estadounidenses y ofrece a los estadounidenses la oportunidad de reunirse para honrar y recordar su servicio.<\/p>\n\n\n\n<p>En honor al origen del d\u00eda festivo como <em>Decoration Day<\/em>, una de las formas m\u00e1s populares de rendir homenaje a los muertos en el <em>Memorial Day<\/em> es visitar un cementerio y colocar flores o banderas en las tumbas de los soldados. Algunas personas llevan una amapola roja en memoria de los ca\u00eddos en la guerra, una tradici\u00f3n que comenz\u00f3 con un poema de la Primera Guerra Mundial.<\/p>\n\n\n\n<p><img decoding=\"async\" style=\"width: 500px\" src=\"https:\/\/breezyseguros.com\/es\/wp-content\/uploads\/sites\/8\/2024\/09\/gelincik-cicek.gif\"><\/p>\n\n\n\n<p>Ciudades y pueblos de EE. UU. realizan todos los a\u00f1os desfiles del <em>Memorial Day<\/em>, en los que a menudo participan militares y miembros de organizaciones de veteranos. Algunos de los desfiles m\u00e1s grandes se llevan a cabo en Chicago, Nueva York y Washington D.C. Estos actos suelen incluir discursos, m\u00fasica y otras ceremonias que ayudan a honrar la memoria de quienes dieron su vida al servicio de su pa\u00eds.<\/p>\n\n\n\n<h3 class=\"wp-block-heading\">Apoya a los veteranos<\/h3>\n\n\n\n<p>Otra forma de homenajear a los soldados ca\u00eddos es apoyar a las organizaciones que prestan ayuda a los veteranos y sus familias. Hay muchas organizaciones que trabajan para ofrecer apoyo, recursos y servicios a los veteranos y sus familias, como el<em> <\/em><a href=\"https:\/\/www.woundedwarriorproject.org\/\" target=\"_blank\" rel=\"noreferrer noopener\"><em>Wounded Warrior Project<\/em><\/a>, la <a href=\"https:\/\/www.garysinisefoundation.org\/home\" target=\"_blank\" rel=\"noreferrer noopener\"><em>Gary Sinise Foundation<\/em><\/a> y la <a href=\"https:\/\/mmsfi.org\/\" target=\"_blank\" rel=\"noreferrer noopener\"><em>Massachusetts Military Support Foundation<\/em><\/a>, entre otras. M\u00e1s all\u00e1 de donar a estas organizaciones, puedes conocer la historia de cada veterano, visitarlos, escuchar an\u00e9cdotas, re\u00edrte de sus chistes y ayudar a alegrar el d\u00eda de aquellos que tanto se sacrificaron por el pa\u00eds en el que vivimos.<\/p>\n\n\n\n<p>BRZ agradece a los veteranos por sus servicios y los sacrificios que sufrieron en nombre del pa\u00eds en el que todos vivimos y amamos.<\/p>\n","protected":false},"excerpt":{"rendered":"<p>Hoy es el\u00a0Memorial Day, \u00bfConoces el significado de este d\u00eda? \u00bfQu\u00e9 memorias se celebran? \u00a1Desc\u00fabrelo todo en el blog de BRZ!<\/p>\n","protected":false},"author":16,"featured_media":5826,"comment_status":"closed","ping_status":"closed","sticky":false,"template":"","format":"standard","meta":{"_acf_changed":false,"inline_featured_image":false,"_uag_custom_page_level_css":"","footnotes":""},"categories":[8,676],"tags":[182,677,859,1144],"class_list":["post-4639","post","type-post","status-publish","format-standard","has-post-thumbnail","hentry","category-dicas","category-historia-e-cultura","tag-brz-insurance","tag-historia-e-cultura","tag-latinx-community","tag-memorial-day"],"acf":[],"uagb_featured_image_src":{"full":["https:\/\/breezyseguros.com\/es\/wp-content\/uploads\/sites\/8\/2024\/08\/generica.png",2095,1695,false],"thumbnail":["https:\/\/breezyseguros.com\/es\/wp-content\/uploads\/sites\/8\/2024\/08\/generica-150x150.png",150,150,true],"medium":["https:\/\/breezyseguros.com\/es\/wp-content\/uploads\/sites\/8\/2024\/08\/generica-300x243.png",300,243,true],"medium_large":["https:\/\/breezyseguros.com\/es\/wp-content\/uploads\/sites\/8\/2024\/08\/generica-768x621.png",768,621,true],"large":["https:\/\/breezyseguros.com\/es\/wp-content\/uploads\/sites\/8\/2024\/08\/generica-1024x828.png",1024,828,true],"1536x1536":["https:\/\/breezyseguros.com\/es\/wp-content\/uploads\/sites\/8\/2024\/08\/generica-1536x1243.png",1536,1243,true],"2048x2048":["https:\/\/breezyseguros.com\/es\/wp-content\/uploads\/sites\/8\/2024\/08\/generica-2048x1657.png",2048,1657,true],"alm-thumbnail":["https:\/\/breezyseguros.com\/es\/wp-content\/uploads\/sites\/8\/2024\/08\/generica-150x150.png",150,150,true],"gform-image-choice-sm":["https:\/\/breezyseguros.com\/es\/wp-content\/uploads\/sites\/8\/2024\/08\/generica-300x300.png",300,300,true],"gform-image-choice-md":["https:\/\/breezyseguros.com\/es\/wp-content\/uploads\/sites\/8\/2024\/08\/generica-400x400.png",400,400,true],"gform-image-choice-lg":["https:\/\/breezyseguros.com\/es\/wp-content\/uploads\/sites\/8\/2024\/08\/generica-600x600.png",600,600,true]},"uagb_author_info":{"display_name":"marketing44567821","author_link":"https:\/\/breezyseguros.com\/es\/author\/marketing44567821\/"},"uagb_comment_info":0,"uagb_excerpt":"Hoy es el\u00a0Memorial Day, \u00bfConoces el significado de este d\u00eda? \u00bfQu\u00e9 memorias se celebran? \u00a1Desc\u00fabrelo todo en el blog de BRZ!","_links":{"self":[{"href":"https:\/\/breezyseguros.com\/es\/wp-json\/wp\/v2\/posts\/4639","targetHints":{"allow":["GET"]}}],"collection":[{"href":"https:\/\/breezyseguros.com\/es\/wp-json\/wp\/v2\/posts"}],"about":[{"href":"https:\/\/breezyseguros.com\/es\/wp-json\/wp\/v2\/types\/post"}],"author":[{"embeddable":true,"href":"https:\/\/breezyseguros.com\/es\/wp-json\/wp\/v2\/users\/16"}],"replies":[{"embeddable":true,"href":"https:\/\/breezyseguros.com\/es\/wp-json\/wp\/v2\/comments?post=4639"}],"version-history":[{"count":1,"href":"https:\/\/breezyseguros.com\/es\/wp-json\/wp\/v2\/posts\/4639\/revisions"}],"predecessor-version":[{"id":4644,"href":"https:\/\/breezyseguros.com\/es\/wp-json\/wp\/v2\/posts\/4639\/revisions\/4644"}],"wp:featuredmedia":[{"embeddable":true,"href":"https:\/\/breezyseguros.com\/es\/wp-json\/wp\/v2\/media\/5826"}],"wp:attachment":[{"href":"https:\/\/breezyseguros.com\/es\/wp-json\/wp\/v2\/media?parent=4639"}],"wp:term":[{"taxonomy":"category","embeddable":true,"href":"https:\/\/breezyseguros.com\/es\/wp-json\/wp\/v2\/categories?post=4639"},{"taxonomy":"post_tag","embeddable":true,"href":"https:\/\/breezyseguros.com\/es\/wp-json\/wp\/v2\/tags?post=4639"}],"curies":[{"name":"wp","href":"https:\/\/api.w.org\/{rel}","templated":true}]}}