{"id":4254,"date":"2024-03-07T14:00:00","date_gmt":"2024-03-07T19:00:00","guid":{"rendered":"https:\/\/breezyseguros.com\/pt-br\/?p=4254"},"modified":"2024-09-05T08:34:19","modified_gmt":"2024-09-05T12:34:19","slug":"10-mulheres-latinas-inspiradoras","status":"publish","type":"post","link":"https:\/\/breezyseguros.com\/pt-br\/10-mulheres-latinas-inspiradoras\/","title":{"rendered":"10 Mulheres Latinas Inspiradoras"},"content":{"rendered":"\n<p>J\u00e1 falamos dos status estat\u00edstico das <a href=\"https:\/\/dev.brzseguros.com\/pt-br\/mulheres-latinas-nos-eua-parte-1\/\" target=\"_blank\" rel=\"noreferrer noopener\">mulheres latinas nos EUA<\/a> e como elas transformam as suas comunidades e o pa\u00eds. E nada mais inspirador que saber de outras mulheres, com origens e condi\u00e7\u00f5es parecidas com as nossas, fazendo a diferen\u00e7a. Por\u00e9m, podemos ser mais detalhistas.<\/p>\n\n\n\n<p>Selecionamos 10 mulheres latinas que conquistaram o mundo e mudaram a hist\u00f3ria em diferentes \u00e1reas. De Joan Baez a S\u00f4nia Braga, as latinas mostram a sua for\u00e7a, coragem e habilidade na ci\u00eancia, nas artes, direito e pol\u00edtica e onde mais elas &#8220;ousam&#8221; ocupar. Essas mulheres fizeram grandes avan\u00e7os nos direitos civis, na pol\u00edtica, no entretenimento e at\u00e9 foram para o espa\u00e7o.<\/p>\n\n\n\n<h2 class=\"wp-block-heading\">Joan Baez, cantora e compositora<\/h2>\n\n\n\n<figure class=\"wp-block-image\"><img decoding=\"async\" src=\"https:\/\/breezyseguros.com\/pt-br\/wp-content\/uploads\/sites\/5\/2020\/08\/pasted-image-0.png\" alt=\"\" \/><figcaption class=\"wp-element-caption\">Foto: Concord Music Group<\/figcaption><\/figure>\n\n\n\n<p>Filha de um mexicano com uma escocesa, Joan Baez \u00e9 um expoente da m\u00fasica folcl\u00f3rica contempor\u00e2nea. Nos palcos h\u00e1 mais de 60 anos, e com mais de 30 \u00e1lbuns na bagagem, Joan foi porta-voz do esfor\u00e7o anti-guerra do Vietn\u00e3, e ainda \u00e9 ativista dos direitos civis.<\/p>\n\n\n\n<p>Ela cantou \u201cWe Shall Overcome\u201d na Marcha de 1963 em Washington pelos Direitos Civis e sua mensagem de paz e esperan\u00e7a ficou marcada na luta at\u00e9 os dias de hoje.&nbsp;<\/p>\n\n\n\n<p>&#8220;We shall overcome<\/p>\n\n\n\n<p>We shall overcome<\/p>\n\n\n\n<p>We shall overcome, someday<\/p>\n\n\n\n<p>Oh, deep in my heart<\/p>\n\n\n\n<p>I know that I do believe<\/p>\n\n\n\n<p>We shall overcome, someday&#8221;<\/p>\n\n\n\n<p>Joan ainda atua pela defesa dos direitos humanos e sua voz (de tirar o f\u00f4lego) e sua luta cont\u00ednua por justi\u00e7a para os marginalizados e oprimidos que garantiram seu lugar nos livros de hist\u00f3ria.<\/p>\n\n\n\n<h2 class=\"wp-block-heading\">Sylvia Rivera, ativista<\/h2>\n\n\n\n<figure class=\"wp-block-image\"><img decoding=\"async\" src=\"https:\/\/breezyseguros.com\/pt-br\/wp-content\/uploads\/sites\/5\/2020\/08\/pasted-image-0.png\" alt=\"\" \/><figcaption class=\"wp-element-caption\">Foto: Kay Lahusen<\/figcaption><\/figure>\n\n\n\n<p><a href=\"https:\/\/www.nbcnews.com\/news\/latino\/forgotten-latina-trailblazer-lgbt-activist-sylvia-rivera-n438586\" target=\"_blank\" rel=\"noreferrer noopener\">Sylvia Rivera<\/a>, uma mulher trans venezuelana-porto-riquenha nascida em NY, foi uma ativista LGBTQIA+ pioneira. Ainda nos anos 70 lutou pelos direitos trans, e \u00e9 apontada como a pessoa que colocou o T em LGBT e supostamente quem jogou o primeiro tijolo nos protestos de <a href=\"https:\/\/pt.wikipedia.org\/wiki\/Rebeli%C3%A3o_de_Stonewall\" target=\"_blank\" rel=\"noreferrer noopener\">Stonewall<\/a>.\u00a0<\/p>\n\n\n\n<p>Ela criou a organiza\u00e7\u00e3o Street Travestite Action Revolutionaries (STAR), que acolhia e dava abrigo e alimento para pessoas trans que viviam nas ruas de Nova York. Ela tamb\u00e9m era defensora das minorias \u00e9tnicas e dos sem-teto e dedicou sua vida a ajudar os outros. <a href=\"https:\/\/sylviasplace.com\/\" target=\"_blank\" rel=\"noreferrer noopener\">Sylvia&#8217;s Place<\/a> e <a href=\"https:\/\/srlp.org\/\">Syl<\/a><a href=\"https:\/\/srlp.org\/\" target=\"_blank\" rel=\"noreferrer noopener\">via Rivera Law Pro<\/a><a href=\"https:\/\/srlp.org\/\">ject<\/a> foram nomeados em sua homenagem e ainda trabalham pela seguran\u00e7a e pelos direitos das pessoas queer at\u00e9 hoje.<\/p>\n\n\n\n<h2 class=\"wp-block-heading\">Ana Mendieta, artista<\/h2>\n\n\n\n<figure class=\"wp-block-image\"><img decoding=\"async\" src=\"https:\/\/breezyseguros.com\/pt-br\/wp-content\/uploads\/sites\/5\/2020\/08\/pasted-image-0.png\" alt=\"\" \/><figcaption class=\"wp-element-caption\">Foto: Dawoud Bey; via Stephen Daiter Gallery, Chicago<\/figcaption><\/figure>\n\n\n\n<p>Ana Mendieta foi uma artista perform\u00e1tica, escultora, pintora e videoartista cubano-americana. Nascida em Havana, Cuba, Mendieta tornou-se refugiada aos 12 anos, quando fugiu da mudan\u00e7a de regime em sua terra natal, partindo para o estado de Iowa.\u00a0<\/p>\n\n\n\n<p>Ela usou o sentimento de deslocamento e de brusca separa\u00e7\u00e3o de sua p\u00e1tria em sua arte. A maioria de suas 200 obras usa a terra como seu meio, baseando-se em formas nativas de conhecimento, espiritualismo e magia, al\u00e9m de ser profundamente feminista em sua abordagem e assunto.&nbsp;<\/p>\n\n\n\n<p>Como muitos artistas do passado, Ana Mendieta, morta em 1985, foi pouco celebrada nos \u00faltimos anos, mas finalmente, o mundo da arte est\u00e1 fazendo justi\u00e7a e colocando o nome dela na hist\u00f3ria.&nbsp;<\/p>\n\n\n\n<h2 class=\"wp-block-heading\">Ellen Ochoa, astronauta e engenheira&nbsp;<\/h2>\n\n\n\n<figure class=\"wp-block-image\"><img decoding=\"async\" src=\"https:\/\/breezyseguros.com\/pt-br\/wp-content\/uploads\/sites\/5\/2020\/08\/pasted-image-0.png\" alt=\"\" \/><figcaption class=\"wp-element-caption\">Foto: NASA Johnson Space Center\u00a0<\/figcaption><\/figure>\n\n\n\n<p>Em 8 de abril de 1993, Ellen Ochoa se tornou a primeira mulher hisp\u00e2nica do mundo a ir ao espa\u00e7o. Ochoa esteve a bordo do \u00f4nibus Discovery por nove dias enquanto realizava importantes pesquisas sobre a camada de oz\u00f4nio. Al\u00e9m desse, Ellen ainda fez mais tr\u00eas voos espaciais, e alcan\u00e7ou a marca de 1.000 horas no espa\u00e7o.<\/p>\n\n\n\n<p>E voc\u00eas acham que isso foi o suficiente? Nada disso, Ellen Ochoa tamb\u00e9m foi a primeira diretora LatinX do Johnson Space Center em Houston, Texas, em 2013 e est\u00e1 no comando at\u00e9 hoje.&nbsp;<\/p>\n\n\n\n<h2 class=\"wp-block-heading\">Ileana Ros-Lehtinen, congressista<\/h2>\n\n\n\n<figure class=\"wp-block-image\"><img decoding=\"async\" src=\"https:\/\/breezyseguros.com\/pt-br\/wp-content\/uploads\/sites\/5\/2020\/08\/pasted-image-0.png\" alt=\"\" \/><figcaption class=\"wp-element-caption\">Foto: Joe Raeddle \/ Getty Images<\/figcaption><\/figure>\n\n\n\n<p>Ileana Ros-Lehtinen \u00e9 uma pioneira no universo pol\u00edtico americano, nascida em Havana, Cuba, Ileana veio para os EUA com 7 anos. Ela foi a primeira latina a servir na <a href=\"https:\/\/www.myfloridahouse.gov\/\" target=\"_blank\" rel=\"noreferrer noopener\">Florida House of Representatives<\/a>, a primeira latina no <a href=\"https:\/\/www.senate.gov\/\" target=\"_blank\" rel=\"noreferrer noopener\">US Senate<\/a> pela Fl\u00f3rida e a primeira Latina a servir na <a href=\"https:\/\/www.google.com\/search?q=house+of+representatives+us&amp;rlz=1C5CHFA_enBR994BR994&amp;oq=house+of+representatives+us&amp;aqs=chrome..69i57j0i512l9.6976j0j9&amp;sourceid=chrome&amp;ie=UTF-8#:~:text=Homepage%20%7C%20house.gov,www.house.gov\" target=\"_blank\" rel=\"noreferrer noopener\">US House of Representatives<\/a>, a primeira latina e a primeira cubano-americana no Congresso; e a primeira mulher a presidir uma comiss\u00e3o permanente regular da C\u00e2mara.\u00a0<\/p>\n\n\n\n<h2 class=\"wp-block-heading\">Julia de Burgos, poetisa<\/h2>\n\n\n\n<figure class=\"wp-block-image\"><img decoding=\"async\" src=\"https:\/\/breezyseguros.com\/pt-br\/wp-content\/uploads\/sites\/5\/2020\/08\/pasted-image-0.png\" alt=\"\" \/><figcaption class=\"wp-element-caption\">Foto: Poetry Foundation<\/figcaption><\/figure>\n\n\n\n<p>Julia Burgos nasceu em 1914 em Carolina, Porto Rico. Apesar de ter obtido sucesso em sua terra natal, Burgos precisou lutar pelo reconhecimento quando se mudou para os EUA na d\u00e9cada de 1930.&nbsp;<\/p>\n\n\n\n<p>Seus poemas falam da beleza de Porto Rico e celebram sua identidade como latina, negra e imigrante, temas nada populares nos c\u00edrculos de poesia americanos daquela \u00e9poca. Muito \u00e0 frente de seu tempo, os poemas de Burgos centram-se em temas de feminismo e justi\u00e7a social, preparando o cen\u00e1rio para muitos escritores latinos.<\/p>\n\n\n\n<h2 class=\"wp-block-heading\">Sonia Sotomayor, ju\u00edza da Suprema Corte<\/h2>\n\n\n\n<figure class=\"wp-block-image\"><img decoding=\"async\" src=\"https:\/\/breezyseguros.com\/pt-br\/wp-content\/uploads\/sites\/5\/2020\/08\/pasted-image-0.png\" alt=\"\" \/><figcaption class=\"wp-element-caption\">Foto: Erin Schaff\/Pool\/Getty Images<\/figcaption><\/figure>\n\n\n\n<p>Filha de porto-riquenhos, a ju\u00edza Sotomayor \u00e9 a primeira ju\u00edza hisp\u00e2nica da Suprema Corte dos EUA e a terceira mulher a servir como ju\u00edza associada no Tribunal Superior. Ela foi indicada pelo presidente Barack Obama em 2009.<\/p>\n\n\n\n<p>Criada no Bronx, NY, Sotomayor se formou <em>summa cum laude<\/em> (com a maior da honras) em Princeton e foi para a Faculdade de Direito de Yale. Durante seu tempo na Suprema Corte, Sotomayor trabalhou incansavelmente para ser uma voz para mulheres e minorias \u00e9tnicas na reforma da justi\u00e7a criminal.<\/p>\n\n\n\n<p>&#8220;At\u00e9 que tenhamos igualdade na educa\u00e7\u00e3o, n\u00e3o teremos uma sociedade igualit\u00e1ria.&#8221;<\/p>\n\n\n\n<p>S\u00f4nia Sotomayor<\/p>\n\n\n\n<h2 class=\"wp-block-heading\">Carolina Herrera, estilista<\/h2>\n\n\n\n<figure class=\"wp-block-image\"><img decoding=\"async\" src=\"https:\/\/breezyseguros.com\/pt-br\/wp-content\/uploads\/sites\/5\/2020\/08\/pasted-image-0.png\" alt=\"\" \/><figcaption class=\"wp-element-caption\">Foto: Paper Mag<\/figcaption><\/figure>\n\n\n\n<p>Nascida em Caracas, na Venezuela, Carolina Herrera \u00e9 uma estilista venezuelana conhecida por seu estilo pessoal e por vestir v\u00e1rias primeiras-damas, incluindo Jacqueline Onassis, Laura Bush, Michelle Obama e Melania Trump.<\/p>\n\n\n\n<p>Ela come\u00e7ou na moda trabalhando na butique de Emilio Pucci em Caracas e logo se mudou para Nova York. Frequentemente se associando a Mick e Bianca Jagger e Andy Warhol, no Studio 54, ela se tornou conhecida por seu estilo dram\u00e1tico.<\/p>\n\n\n\n<p>Hoje, Carolina Herrera comanda a marca com seu nome, que \u00e9 umas das marcas mais importantes, valorizadas e celebradas do mundo.<\/p>\n\n\n\n<h2 class=\"wp-block-heading\">S\u00f4nia Braga, atriz<\/h2>\n\n\n\n<figure class=\"wp-block-image\"><img decoding=\"async\" src=\"https:\/\/breezyseguros.com\/pt-br\/wp-content\/uploads\/sites\/5\/2020\/08\/pasted-image-0.png\" alt=\"Selecionamos 10 mulheres hisp\u00e2nicas que conquistaram o mundo e mudaram a hist\u00f3ria em diversos campos de atua\u00e7\u00e3o. De Joan Baez a S\u00f4nia Braga, as hisp\u00e2nicas mostram sua for\u00e7a, coragem e habilidade na ci\u00eancia, nas artes, direito e pol\u00edtica e onde mais elas ousam ocupar.\" \/><figcaption class=\"wp-element-caption\">Photograph: Pascal Le Segretain\/Getty Images<\/figcaption><\/figure>\n\n\n\n<p>Depois de Carmen Miranda, S\u00f4nia Braga possivelmente \u00e9 um dos nomes brasileiros mais conhecidos e lembrados de Hollywood. Musa das novelas no Brasil nos anos 70 e 80, a atriz iniciou sua carreira nos EUA no cinema, participou de diversos filmes e s\u00e9ries.<\/p>\n\n\n\n<p>S\u00f4nia ficou mundialmente conhecida pelo filme O Beijo da Mulher Aranha (1985), que chegou a ser indicado a quatro Oscars. Desde ent\u00e3o, a atriz atua entre Brasil e Estados Unidos e apareceu at\u00e9 em Sex and the City e no filme Extraordin\u00e1rio.&nbsp;<\/p>\n\n\n\n<p>Ela \u00e9 tia da atriz Alice Braga, outra atriz brasileira que estabeleceu uma carreira s\u00f3lida tanto no Brasil como nos EUA.<\/p>\n\n\n\n<h2 class=\"wp-block-heading\">Maria Elena Salinas, Jornalista<\/h2>\n\n\n\n<figure class=\"wp-block-image\"><img decoding=\"async\" src=\"https:\/\/breezyseguros.com\/pt-br\/wp-content\/uploads\/sites\/5\/2020\/08\/pasted-image-0.png\" alt=\"\" \/><figcaption class=\"wp-element-caption\">Foto: David Maris<\/figcaption><\/figure>\n\n\n\n<p>Filha de mexicanos, Maria Elena Salinas \u00e9 a \u00e2ncora feminina mais antiga na televis\u00e3o dos EUA e \u00e9 a primeira latina a receber um Lifetime Achievement Emmy.<\/p>\n\n\n\n<p>Salinas trabalha h\u00e1 mais de 3 d\u00e9cadas nos EUA e \u00e9 transmitida em 18 pa\u00edses latino-americanos. Em sua carreira, ela entrevistou chefes de estado latino-americanos, l\u00edderes rebeldes, ditadores e todos os presidentes dos Estados Unidos desde Jimmy Carter.<\/p>\n\n\n\n<p>Chamada de &#8220;Voz da Am\u00e9rica Hisp\u00e2nica&#8221; pelo The New York Times, foi co-\u00e2ncora do Noticiero Univision, o principal notici\u00e1rio noturno da Univision, e co-apresentadora do programa da revista Aqu\u00ed y Ahora.<\/p>\n\n\n\n<p>J\u00e1 est\u00e1 inspirado? N\u00e3o h\u00e1 barreiras, fronteiras e limites intranspon\u00edveis para mulheres hisp\u00e2nicas, principalmente se houver uni\u00e3o, coragem e mais importante, pol\u00edticas p\u00fablicas inclusivas. A luta por representatividade dos hisp\u00e2nicos j\u00e1 \u00e9 grande,mas para as mulheres ainda se soma a luta por representatividade feminina.&nbsp;<\/p>\n\n\n\n<p>Ocupar os espa\u00e7os que h\u00e1 muito nos \u00e9 negado abre portas para as pr\u00f3ximas que est\u00e3o por vir!&nbsp;<\/p>\n","protected":false},"excerpt":{"rendered":"<p>J\u00e1 falamos dos status estat\u00edstico das mulheres latinas nos EUA e como elas transformam as suas comunidades e o pa\u00eds. E nada mais inspirador que saber de outras mulheres, com origens e condi\u00e7\u00f5es parecidas com as nossas, fazendo a diferen\u00e7a. Por\u00e9m, podemos ser mais detalhistas. Selecionamos 10 mulheres latinas que conquistaram o mundo e mudaram [&hellip;]<\/p>\n","protected":false},"author":16,"featured_media":5532,"comment_status":"closed","ping_status":"closed","sticky":false,"template":"","format":"standard","meta":{"_acf_changed":false,"inline_featured_image":false,"_uag_custom_page_level_css":"","footnotes":""},"categories":[8,676],"tags":[1092,908,1091],"class_list":["post-4254","post","type-post","status-publish","format-standard","has-post-thumbnail","hentry","category-dicas","category-historia-e-cultura","tag-inspiring-women","tag-latinx-community","tag-latinx-woman"],"acf":[],"uagb_featured_image_src":{"full":["https:\/\/breezyseguros.com\/pt-br\/wp-content\/uploads\/sites\/5\/site\/\/5\/6-Mulheres-Hispanicas-Inspiradoras-BLOG-1.png",1024,576,false],"thumbnail":["https:\/\/breezyseguros.com\/pt-br\/wp-content\/uploads\/sites\/5\/site\/\/5\/6-Mulheres-Hispanicas-Inspiradoras-BLOG-1-150x150.png",150,150,true],"medium":["https:\/\/breezyseguros.com\/pt-br\/wp-content\/uploads\/sites\/5\/site\/\/5\/6-Mulheres-Hispanicas-Inspiradoras-BLOG-1-300x169.png",300,169,true],"medium_large":["https:\/\/breezyseguros.com\/pt-br\/wp-content\/uploads\/sites\/5\/site\/\/5\/6-Mulheres-Hispanicas-Inspiradoras-BLOG-1-768x432.png",768,432,true],"large":["https:\/\/breezyseguros.com\/pt-br\/wp-content\/uploads\/sites\/5\/site\/\/5\/6-Mulheres-Hispanicas-Inspiradoras-BLOG-1.png",1024,576,false],"1536x1536":["https:\/\/breezyseguros.com\/pt-br\/wp-content\/uploads\/sites\/5\/site\/\/5\/6-Mulheres-Hispanicas-Inspiradoras-BLOG-1.png",1024,576,false],"2048x2048":["https:\/\/breezyseguros.com\/pt-br\/wp-content\/uploads\/sites\/5\/site\/\/5\/6-Mulheres-Hispanicas-Inspiradoras-BLOG-1.png",1024,576,false],"alm-thumbnail":["https:\/\/breezyseguros.com\/pt-br\/wp-content\/uploads\/sites\/5\/site\/\/5\/6-Mulheres-Hispanicas-Inspiradoras-BLOG-1-150x150.png",150,150,true],"gform-image-choice-sm":["https:\/\/breezyseguros.com\/pt-br\/wp-content\/uploads\/sites\/5\/site\/\/5\/6-Mulheres-Hispanicas-Inspiradoras-BLOG-1.png",300,169,false],"gform-image-choice-md":["https:\/\/breezyseguros.com\/pt-br\/wp-content\/uploads\/sites\/5\/site\/\/5\/6-Mulheres-Hispanicas-Inspiradoras-BLOG-1.png",400,225,false],"gform-image-choice-lg":["https:\/\/breezyseguros.com\/pt-br\/wp-content\/uploads\/sites\/5\/site\/\/5\/6-Mulheres-Hispanicas-Inspiradoras-BLOG-1.png",600,338,false]},"uagb_author_info":{"display_name":"marketing44567821","author_link":"https:\/\/breezyseguros.com\/pt-br\/author\/marketing44567821\/"},"uagb_comment_info":0,"uagb_excerpt":"J\u00e1 falamos dos status estat\u00edstico das mulheres latinas nos EUA e como elas transformam as suas comunidades e o pa\u00eds. E nada mais inspirador que saber de outras mulheres, com origens e condi\u00e7\u00f5es parecidas com as nossas, fazendo a diferen\u00e7a. Por\u00e9m, podemos ser mais detalhistas. Selecionamos 10 mulheres latinas que conquistaram o mundo e mudaram&hellip;","_links":{"self":[{"href":"https:\/\/breezyseguros.com\/pt-br\/wp-json\/wp\/v2\/posts\/4254","targetHints":{"allow":["GET"]}}],"collection":[{"href":"https:\/\/breezyseguros.com\/pt-br\/wp-json\/wp\/v2\/posts"}],"about":[{"href":"https:\/\/breezyseguros.com\/pt-br\/wp-json\/wp\/v2\/types\/post"}],"author":[{"embeddable":true,"href":"https:\/\/breezyseguros.com\/pt-br\/wp-json\/wp\/v2\/users\/16"}],"replies":[{"embeddable":true,"href":"https:\/\/breezyseguros.com\/pt-br\/wp-json\/wp\/v2\/comments?post=4254"}],"version-history":[{"count":3,"href":"https:\/\/breezyseguros.com\/pt-br\/wp-json\/wp\/v2\/posts\/4254\/revisions"}],"predecessor-version":[{"id":5530,"href":"https:\/\/breezyseguros.com\/pt-br\/wp-json\/wp\/v2\/posts\/4254\/revisions\/5530"}],"wp:featuredmedia":[{"embeddable":true,"href":"https:\/\/breezyseguros.com\/pt-br\/wp-json\/wp\/v2\/media\/5532"}],"wp:attachment":[{"href":"https:\/\/breezyseguros.com\/pt-br\/wp-json\/wp\/v2\/media?parent=4254"}],"wp:term":[{"taxonomy":"category","embeddable":true,"href":"https:\/\/breezyseguros.com\/pt-br\/wp-json\/wp\/v2\/categories?post=4254"},{"taxonomy":"post_tag","embeddable":true,"href":"https:\/\/breezyseguros.com\/pt-br\/wp-json\/wp\/v2\/tags?post=4254"}],"curies":[{"name":"wp","href":"https:\/\/api.w.org\/{rel}","templated":true}]}}